{"id":8541,"date":"2026-04-27T09:59:07","date_gmt":"2026-04-27T09:59:07","guid":{"rendered":"https:\/\/www.bvmberatung.net\/?p=8541"},"modified":"2026-04-27T11:23:19","modified_gmt":"2026-04-27T11:23:19","slug":"kongress","status":"publish","type":"post","link":"https:\/\/www.bvmberatung.net\/fr\/kongress\/","title":{"rendered":"NutriDays 2026 \u2013 Jahreskongress des Schweizerischen Verbands der Ern\u00e4hrungsberater\/innen"},"content":{"rendered":"<p><strong>Ein Bericht von Andrea Roggo aus dem B&#8217;VM Servicefachteam. Andrea und das SVDE Team haben diesen Anlass mit Fingerspritzengef\u00fchl und passionierten Engagement gerockt<\/strong>.<\/p>\n\n\n\n<p>Die NutriDays 2026 markierten den Abschluss eines intensiven Vorbereitungsjahres. Dabei handelte es sich keineswegs um einen erstmaligen Anlass: Als Gesch\u00e4ftsstelle organisieren wir diesen Kongress jeweils \u00fcber drei Jahre in Folge. Entsprechend konnten wir auf Erfahrung, eingespielte Abl\u00e4ufe und bew\u00e4hrte Prozesse zur\u00fcckgreifen.<\/p>\n\n\n\n<p>Gleichzeitig brachte das Jahr 2026 neue Herausforderungen mit sich. Der Kongress pr\u00e4sentierte sich erstmals in einem anderen Setting, mit einem angepassten Aufbau und neuen inhaltlichen Schwerpunkten. Bew\u00e4hrtes weiterzuf\u00fchren und gleichzeitig Neues zu integrieren, verlangte ein sorgf\u00e4ltiges Abw\u00e4gen zwischen Routine und Weiterentwicklung.<\/p>\n\n\n\n<p><strong>Ein Jahr Vorbereitung: viele Aufgaben, ein gemeinsames Ziel<\/strong><\/p>\n\n\n\n<p>Die Vorbereitungen f\u00fcr die NutriDays begannen lange vor dem eigentlichen Kongress. Neben der inhaltlichen Ausrichtung und dem neuen Kongressformat standen zahlreiche organisatorische Aufgaben im Fokus. Dazu geh\u00f6rten unter anderem:<\/p>\n\n\n\n<ul class=\"wp-block-list\">\n<li>die Programmgestaltung und Feinabstimmung der einzelnen Formate<\/li>\n\n\n\n<li>das Erstellen von Vereinbarungen mit den Referent:innen<\/li>\n\n\n\n<li>die Kommunikation nach aussen, \u00fcber Website, Newsletter und weitere Kan\u00e4le<\/li>\n\n\n\n<li>das Gewinnen und Betreuen von Sponsoren und Ausstellenden<\/li>\n\n\n\n<li>die Budgetierung und laufende Kontrolle von Einnahmen und Ausgaben<\/li>\n\n\n\n<li>die enge Koordination mit dem Veranstaltungsort BernExpo<\/li>\n\n\n\n<li>die Organisation des Caterings<\/li>\n\n\n\n<li>das Entgegennehmen und Verwalten der Anmeldungen<\/li>\n\n\n\n<li>die Einteilung der Teilnehmenden in die Workshops<\/li>\n\n\n\n<li>sowie das Zusammenstellen s\u00e4mtlichen Materials, das vor Ort ben\u00f6tigt wurde<\/li>\n<\/ul>\n\n\n\n<p>Viele dieser Aufgaben laufen parallel, bauen aufeinander auf und verlangen eine laufende Abstimmung zwischen Gesch\u00e4ftsstelle, Organisationskomitee, Kommunikation, externen Partnern und Dienstleistern. Gerade diese Phase zeigt, wie wichtig klare Prozesse, realistische Zeitpl\u00e4ne und eine gute Zusammenarbeit sind.<\/p>\n\n\n\n<p><strong>Der Donnerstag: Aufbau, Material \u2013 und viel Betrieb<\/strong><\/p>\n\n\n\n<p>Am Donnerstag vor dem Kongress wurde es dann konkret. Mit dem gesamten Material machten wir uns auf den Weg zur BernExpo, um vor Ort alles aufzubauen und einzurichten: Empfang, Beschilderung, Unterlagen, Technik\u2011Abstimmungen und letzte organisatorische Details.<\/p>\n\n\n\n<p>Gleichzeitig herrschte reger Betrieb: Alle Ausstellerinnen und Aussteller waren ebenfalls vor Ort, bauten ihre St\u00e4nde auf, lieferten Material an und richteten ihre Fl\u00e4chen ein. Dieses Zusammenspiel aus Aufbau, Koordination und spontanen R\u00fcckfragen sorgte f\u00fcr ein grosses Get\u00fcmmel \u2013 und verlangte \u00dcbersicht, Pr\u00e4senz und Flexibilit\u00e4t.<\/p>\n\n\n\n<p><strong>Die Durchf\u00fchrung: Fachlich dicht, organisatorisch anspruchsvoll<\/strong><\/p>\n\n\n\n<p>Das inhaltliche Programm der NutriDays 2026 war breit und anspruchsvoll: Keynotes, Workshops, Science Slam, Paneldiskussionen und die Generalversammlung des SVDE boten Raum f\u00fcr fachliche Vertiefung, Diskussion und Austausch. F\u00fcr die Teilnehmenden stand das Erlebnis im Vordergrund \u2013 f\u00fcr die Organisation bedeutete dies, viele parallele Abl\u00e4ufe reibungslos zu begleiten.<\/p>\n\n\n\n<p>Aus Sicht der Gesch\u00e4ftsstelle waren folgende Aspekte besonders wichtig:<\/p>\n\n\n\n<ul class=\"wp-block-list\">\n<li>eine klare Ansprechperson f\u00fcr Teilnehmende, Referierende und Ausstellende zu sein<\/li>\n\n\n\n<li>bei organisatorischen Fragen rasch L\u00f6sungen zu finden<\/li>\n\n\n\n<li>den \u00dcberblick \u00fcber R\u00e4ume, Zeiten und Programmpunkte zu behalten<\/li>\n\n\n\n<li>Informationen bei \u00c4nderungen schnell weiterzugeben<\/li>\n<\/ul>\n\n\n\n<p><strong>Erfahrung trifft Umsetzung \u2013 und was danach bleibt<\/strong><\/p>\n\n\n\n<p>Dass der Kongress trotz neuer Rahmenbedingungen erfolgreich durchgef\u00fchrt werden konnte, ist nicht zuletzt der Kombination aus Erfahrung aus den vergangenen Jahren und der Bereitschaft zu Anpassung und Flexibilit\u00e4t zu verdanken. Viele Abl\u00e4ufe waren vertraut, anderes musste neu gedacht werden \u2013 genau diese Mischung pr\u00e4gte die Vorbereitung und Durchf\u00fchrung der NutriDays 2026. Mit dem letzten Programmpunkt endet ein Kongress jedoch nicht: Nach den NutriDays folgten administrative Abschl\u00fcsse, Auswertungen, R\u00fcckmeldungen und Dokumentationen. Gerade diese Phase ist wichtig, um Erfahrungen festzuhalten und Erkenntnisse f\u00fcr kommende Veranstaltungen nutzbar zu machen.<\/p>\n\n\n\n<p>Die NutriDays 2026 haben gezeigt, wie viel Koordination, Engagement und Zusammenarbeit es braucht, damit ein solcher Anlass gelingt \u2013 und wie wertvoll der pers\u00f6nliche Austausch bleibt, sowohl fachlich als auch organisatorisch.<\/p>\n\n\n\n<p><strong>Fazit:<\/strong><br>F\u00fcr mich als B&#8217;VM Servicefachmitarbeiterin war der diesj\u00e4hrige Kongress eine intensive, fordernde, aber auch sehr bereichernde Erfahrung. Die NutriDays sind nicht nur ein Ort f\u00fcr fachlichen Input, sondern auch ein Beispiel daf\u00fcr, wie komplexe Veranstaltungen durch gute Zusammenarbeit, klare Rollen und gegenseitige Unterst\u00fctzung getragen werden k\u00f6nnen.<\/p>\n\n\n\n<p><\/p>","protected":false},"excerpt":{"rendered":"<p>Ein Bericht von Andrea Roggo aus dem B&#8217;VM Servicefachteam. Andrea und das SVDE Team haben diesen Anlass mit Fingerspritzengef\u00fchl und passionierten Engagement gerockt.<\/p>","protected":false},"author":5,"featured_media":8542,"comment_status":"closed","ping_status":"closed","sticky":false,"template":"","format":"standard","meta":{"footnotes":""},"categories":[39,155],"tags":[127,261,104,456],"beitragskategorie":[317,315,313,302,326,314],"class_list":["post-8541","post","type-post","status-publish","format-standard","has-post-thumbnail","hentry","category-blogbeitraege","category-bvmessage","tag-bvmbloggt","tag-gastblogger","tag-npo","tag-servicefrachgeschaeft","beitragskategorie-bvmessage","beitragskategorie-fachartikel","beitragskategorie-gastbloggerin","beitragskategorie-haus-der-verbaende","beitragskategorie-praxistipp","beitragskategorie-veranstaltung"],"_links":{"self":[{"href":"https:\/\/www.bvmberatung.net\/fr\/wp-json\/wp\/v2\/posts\/8541","targetHints":{"allow":["GET"]}}],"collection":[{"href":"https:\/\/www.bvmberatung.net\/fr\/wp-json\/wp\/v2\/posts"}],"about":[{"href":"https:\/\/www.bvmberatung.net\/fr\/wp-json\/wp\/v2\/types\/post"}],"author":[{"embeddable":true,"href":"https:\/\/www.bvmberatung.net\/fr\/wp-json\/wp\/v2\/users\/5"}],"replies":[{"embeddable":true,"href":"https:\/\/www.bvmberatung.net\/fr\/wp-json\/wp\/v2\/comments?post=8541"}],"version-history":[{"count":8,"href":"https:\/\/www.bvmberatung.net\/fr\/wp-json\/wp\/v2\/posts\/8541\/revisions"}],"predecessor-version":[{"id":8556,"href":"https:\/\/www.bvmberatung.net\/fr\/wp-json\/wp\/v2\/posts\/8541\/revisions\/8556"}],"wp:featuredmedia":[{"embeddable":true,"href":"https:\/\/www.bvmberatung.net\/fr\/wp-json\/wp\/v2\/media\/8542"}],"wp:attachment":[{"href":"https:\/\/www.bvmberatung.net\/fr\/wp-json\/wp\/v2\/media?parent=8541"}],"wp:term":[{"taxonomy":"category","embeddable":true,"href":"https:\/\/www.bvmberatung.net\/fr\/wp-json\/wp\/v2\/categories?post=8541"},{"taxonomy":"post_tag","embeddable":true,"href":"https:\/\/www.bvmberatung.net\/fr\/wp-json\/wp\/v2\/tags?post=8541"},{"taxonomy":"beitragskategorie","embeddable":true,"href":"https:\/\/www.bvmberatung.net\/fr\/wp-json\/wp\/v2\/beitragskategorie?post=8541"}],"curies":[{"name":"wp","href":"https:\/\/api.w.org\/{rel}","templated":true}]}}