{"id":7466,"date":"2024-08-26T08:16:42","date_gmt":"2024-08-26T08:16:42","guid":{"rendered":"https:\/\/www.bvmberatung.net\/?p=7466"},"modified":"2024-08-27T07:03:05","modified_gmt":"2024-08-27T07:03:05","slug":"bruecken-bauen","status":"publish","type":"post","link":"https:\/\/www.bvmberatung.net\/fr\/bruecken-bauen\/","title":{"rendered":"Wir bauen Br\u00fccken zwischen der Wissenschaft und der Praxis\u00a0\u00a0"},"content":{"rendered":"<p><em><strong>Die B&#8217;VM im Interview mit Philipp Erpf, Direktor und Verantwortlicher f\u00fcr die Weiterbil<\/strong><\/em><strong><em>dung beim VMI<\/em><\/strong><\/p>\n\n\n\n<p><em><strong>B\u2019VM: <\/strong>Das VMI hat die Weiterbildung neu strukturiert. Was war der Grund daf\u00fcr und was d\u00fcrfen die Teilnehmenden erwarten?<\/em><\/p>\n\n\n\n<p><strong>Philipp Erpf: <\/strong>Die Neustrukturierung haben eigentlich nicht wir gemacht, sondern die Teilnehmenden. Wir haben hingeh\u00f6rt, was sie sich w\u00fcnschen, wie die Weiterbildung noch mehr ihren Bed\u00fcrfnissen entsprechen kann. Dann haben wir umgesetzt. Letztlich war dies gelebte Kund:innen-Zentrierung.<\/p>\n\n\n\n<p>Erwarten d\u00fcrfen sie Einfachheit im Programm, Fundiertheit im Inhalt und Vielfalt in den Methoden. Einfachheit, weil wir uns auf drei Ausbildungen fokussieren: DAS in NPO-Management, CAS F\u00fchrung &amp; Unternehmertum in NPO und CAS Digitalisierung &amp; Agilit\u00e4t in NPO. Fundiertheit, weil wir als Uni-Institut den Fragen auf den Grund gehen. Methodenvielfalt, weil die Teilnehmenden so besser lernen und sie das Wissen direkt in der Praxis und in der eigenen Organisation umsetzen k\u00f6nnen.<\/p>\n\n\n\n<p><em><strong>B\u2019VM:<\/strong> Zeigt diese Weiterentwicklung schon Fr\u00fcchte?<\/em><\/p>\n\n\n\n<p><strong>Philipp Erpf:<\/strong> Der Diplom-Lehrgang (DAS in NPO-Management) erlebt eine Wiedergeburt, die Umstellung st\u00f6sst auf sehr grosses Interesse.<\/p>\n\n\n\n<p>Der F\u00fchrungs-CAS ist ebenfalls gefragt. Er ist mit dem Fokus \u00abich wirke\u00bb (Modul Mitarbeitendenf\u00fchrung), \u00abich steuere\u00bb (Modul Strategische F\u00fchrung) und \u00abich gestalte\u00bb (Modul Unternehmerische F\u00fchrung und Kultur) eine Ausbildung jenseits des \u00fcbers\u00e4ttigten &#8222;Einheitsbreis&#8220; an Leadership-Kursen.<\/p>\n\n\n\n<p>Interessanterweise l\u00e4uft der CAS in Digitalisierung &amp; Agilit\u00e4t noch etwas tr\u00e4ge. &nbsp;<\/p>\n\n\n\n<p><em><strong>B\u2019VM:<\/strong> Was sind die Gr\u00fcnde daf\u00fcr?<\/em><\/p>\n\n\n\n<p><strong>Philipp Erpf:<\/strong> Die Themen werden zum Teil als Trend betrachtet, der wieder verschwindet. Und sie sind anstrengend, weil sie oft gr\u00f6ssere Transformationsprozesse in den NPO anstossen.<\/p>\n\n\n\n<p>Digitalisierung ist kein Trend, sie ist Teil einer neuen Realit\u00e4t \u2013 ob man das nun will oder nicht. Und die Agilit\u00e4t bietet eine Methode und Struktur, um sie erfolgsversprechend umzusetzen. Dass Ver\u00e4nderungen anstrengend sind, verstehe ich gut. Dennoch sind sie wichtig, denn im Zentrum steht die NPO und ihre Mission. Diese gilt es auch unter neuen Umweltfaktoren umzusetzen.<\/p>\n\n\n\n<p>Meines Erachtens bietet dieser CAS die richtige Flugh\u00f6he: Er ist NPO-spezifisch, man muss bei der Anmeldung kein:e Expert:in in den Themen sein und wir \u00abmissionieren\u00bb nicht, sondern zeigen Optionen auf.<\/p>\n\n\n\n<p><em><strong>B\u2019VM: <\/strong>Was w\u00fcnscht du dir f\u00fcr die Zukunft des VMI?<\/em><\/p>\n\n\n\n<p><strong>Philipp Erpf:<\/strong> Wir werden in zwei Jahren 50-j\u00e4hrig und haben der Gr\u00fcndergeneration und den Menschen, die das VMI \u00fcber die Jahre getragen und unterst\u00fctzt haben, viel zu verdanken. Ich w\u00fcnsche mir, dass die Geschichte des VMI so erfolgreich weitergeht und wir unsere Position halten und st\u00e4rken k\u00f6nnen. Ich sage mit Stolz, dass wir das Institut sind, wenn es um NPO-Forschung und -Weiterbildung geht. In diesem Sinne wollen wir im Jahr 2026 eine grosse Party feiern unter dem Motto: \u00abWir bauen Br\u00fccken zwischen der Wissenschaft und der Praxis\u00bb.<\/p>\n\n\n\n<p><em><strong>B\u2019VM: <\/strong>Das klingt wunderbar &#8211; da freuen wir uns schon drauf! <\/em><\/p>\n\n\n\n<p><em>Vielen Dank f\u00fcr das Gespr\u00e4ch, Herr Erpf. <\/em><\/p>\n\n\n\n<hr class=\"wp-block-separator has-alpha-channel-opacity\"\/>\n\n\n\n<p>Interessiert am Lehrgang <strong>Digitales Fundraising f\u00fcr NPO<\/strong>? Hier geht es zur <a href=\"https:\/\/www.vmi.ch\/de\/npo-wissen-gezielt-vertiefen\/fundraising-in-npo\/\" data-type=\"link\" data-id=\"https:\/\/www.vmi.ch\/de\/npo-wissen-gezielt-vertiefen\/fundraising-in-npo\/\" target=\"_blank\" rel=\"noopener\">Anmeldung<\/a><\/p>\n\n\n\n<p><\/p>","protected":false},"excerpt":{"rendered":"<p>Die B\u2019VM im Interview mit Philipp Erpf, Direktor und Verantwortlicher f\u00fcr die Weiterbildung beim VMI<\/p>","protected":false},"author":5,"featured_media":7469,"comment_status":"closed","ping_status":"closed","sticky":false,"template":"","format":"standard","meta":{"footnotes":""},"categories":[39,155],"tags":[54,412,252,104,405],"beitragskategorie":[317,314,312],"class_list":["post-7466","post","type-post","status-publish","format-standard","has-post-thumbnail","hentry","category-blogbeitraege","category-bvmessage","tag-digitalisierung","tag-fuehrungskraefteentwicklung","tag-lehrgang","tag-npo","tag-vereine","beitragskategorie-bvmessage","beitragskategorie-veranstaltung","beitragskategorie-vmi"],"_links":{"self":[{"href":"https:\/\/www.bvmberatung.net\/fr\/wp-json\/wp\/v2\/posts\/7466","targetHints":{"allow":["GET"]}}],"collection":[{"href":"https:\/\/www.bvmberatung.net\/fr\/wp-json\/wp\/v2\/posts"}],"about":[{"href":"https:\/\/www.bvmberatung.net\/fr\/wp-json\/wp\/v2\/types\/post"}],"author":[{"embeddable":true,"href":"https:\/\/www.bvmberatung.net\/fr\/wp-json\/wp\/v2\/users\/5"}],"replies":[{"embeddable":true,"href":"https:\/\/www.bvmberatung.net\/fr\/wp-json\/wp\/v2\/comments?post=7466"}],"version-history":[{"count":10,"href":"https:\/\/www.bvmberatung.net\/fr\/wp-json\/wp\/v2\/posts\/7466\/revisions"}],"predecessor-version":[{"id":7488,"href":"https:\/\/www.bvmberatung.net\/fr\/wp-json\/wp\/v2\/posts\/7466\/revisions\/7488"}],"wp:featuredmedia":[{"embeddable":true,"href":"https:\/\/www.bvmberatung.net\/fr\/wp-json\/wp\/v2\/media\/7469"}],"wp:attachment":[{"href":"https:\/\/www.bvmberatung.net\/fr\/wp-json\/wp\/v2\/media?parent=7466"}],"wp:term":[{"taxonomy":"category","embeddable":true,"href":"https:\/\/www.bvmberatung.net\/fr\/wp-json\/wp\/v2\/categories?post=7466"},{"taxonomy":"post_tag","embeddable":true,"href":"https:\/\/www.bvmberatung.net\/fr\/wp-json\/wp\/v2\/tags?post=7466"},{"taxonomy":"beitragskategorie","embeddable":true,"href":"https:\/\/www.bvmberatung.net\/fr\/wp-json\/wp\/v2\/beitragskategorie?post=7466"}],"curies":[{"name":"wp","href":"https:\/\/api.w.org\/{rel}","templated":true}]}}