{"id":4861,"date":"2023-01-12T15:25:00","date_gmt":"2023-01-12T15:25:00","guid":{"rendered":"https:\/\/www.bvmberatung.net\/?p=4861"},"modified":"2023-12-08T12:15:42","modified_gmt":"2023-12-08T12:15:42","slug":"netzwerkanlass-vmi-bvm-2023","status":"publish","type":"post","link":"https:\/\/www.bvmberatung.net\/fr\/netzwerkanlass-vmi-bvm-2023\/","title":{"rendered":"Netzwerkanlass von VMI und B\u2019VM, 11. Januar 2023"},"content":{"rendered":"<p>Mit Freude schauen wir auf den Netzwerkanlass von VMI und B\u2019VM zur\u00fcck. Unsere 100 G\u00e4ste haben den Austausch rund ums Thema Wandel in Nonprofitorganisationen und die Vernetzung genossen.<\/p>\n<p>Die angeregte Podiumsdiskussion mit Nina Prochazka, Markus Gm\u00fcr und Harry Witzthum zu Wandel in NPO erm\u00f6glichte neue Denkanst\u00f6sse.\u00a0<\/p>\n<p>Danke allen, die dabei waren und allen, die zu diesem Anlass beigetragen haben. Wir freuen uns auf die weitere Zusammenarbeit mit dem VMI und auf die 10. Auflage des Grundlagenbandes. Die gemeinsame \u00abWanderung\u00bb geht weiter.<\/p>\n<p>Wir freuen uns auf ein Wiedersehen mit inspirierenden Gespr\u00e4chen.<\/p>\n<p>\u00a0<\/p>\n<figure><img decoding=\"async\" src=\"https:\/\/www.bvmberatung.net\/wp-content\/uploads\/Logo_VMI_BVM.jpg\" alt=\"\" width=\"315\" height=\"104\" \/><\/figure>\n<p>\u00a0<\/p>\n<p><a href=\"https:\/\/www.bvmberatung.net\/wp-content\/uploads\/Praesentation-Netzwerkanlass-VMI_BVM-11.01.2023.pdf\">Pr\u00e4sentation VMI und B&#8217;VM, 11.01.23<\/a>\u00a0<\/p>\n<p>\u00a0<\/p>","protected":false},"excerpt":{"rendered":"<p>Mit Freude schauen wir auf den Netzwerkanlass von VMI und B\u2019VM zur\u00fcck. Unsere 100 G\u00e4ste haben den Austausch rund ums Thema Wandel in Nonprofitorganisationen und die Vernetzung genossen.<\/p>","protected":false},"author":6,"featured_media":5127,"comment_status":"closed","ping_status":"closed","sticky":false,"template":"","format":"standard","meta":{"footnotes":""},"categories":[39,37],"tags":[226,225,104,227,146,43,228],"beitragskategorie":[306,311,314],"class_list":["post-4861","post","type-post","status-publish","format-standard","has-post-thumbnail","hentry","category-blogbeitraege","category-events","tag-fmm","tag-netzwerkanlass","tag-npo","tag-transformation","tag-verbandsmanagement","tag-vmi","tag-wandlung","beitragskategorie-organisationsentwicklung","beitragskategorie-strukturen","beitragskategorie-veranstaltung"],"_links":{"self":[{"href":"https:\/\/www.bvmberatung.net\/fr\/wp-json\/wp\/v2\/posts\/4861","targetHints":{"allow":["GET"]}}],"collection":[{"href":"https:\/\/www.bvmberatung.net\/fr\/wp-json\/wp\/v2\/posts"}],"about":[{"href":"https:\/\/www.bvmberatung.net\/fr\/wp-json\/wp\/v2\/types\/post"}],"author":[{"embeddable":true,"href":"https:\/\/www.bvmberatung.net\/fr\/wp-json\/wp\/v2\/users\/6"}],"replies":[{"embeddable":true,"href":"https:\/\/www.bvmberatung.net\/fr\/wp-json\/wp\/v2\/comments?post=4861"}],"version-history":[{"count":1,"href":"https:\/\/www.bvmberatung.net\/fr\/wp-json\/wp\/v2\/posts\/4861\/revisions"}],"predecessor-version":[{"id":6414,"href":"https:\/\/www.bvmberatung.net\/fr\/wp-json\/wp\/v2\/posts\/4861\/revisions\/6414"}],"wp:featuredmedia":[{"embeddable":true,"href":"https:\/\/www.bvmberatung.net\/fr\/wp-json\/wp\/v2\/media\/5127"}],"wp:attachment":[{"href":"https:\/\/www.bvmberatung.net\/fr\/wp-json\/wp\/v2\/media?parent=4861"}],"wp:term":[{"taxonomy":"category","embeddable":true,"href":"https:\/\/www.bvmberatung.net\/fr\/wp-json\/wp\/v2\/categories?post=4861"},{"taxonomy":"post_tag","embeddable":true,"href":"https:\/\/www.bvmberatung.net\/fr\/wp-json\/wp\/v2\/tags?post=4861"},{"taxonomy":"beitragskategorie","embeddable":true,"href":"https:\/\/www.bvmberatung.net\/fr\/wp-json\/wp\/v2\/beitragskategorie?post=4861"}],"curies":[{"name":"wp","href":"https:\/\/api.w.org\/{rel}","templated":true}]}}