{"id":3202,"date":"2021-04-02T15:04:14","date_gmt":"2021-04-02T15:04:14","guid":{"rendered":"https:\/\/www.bvmberatung.net\/?p=3202"},"modified":"2023-12-14T14:45:10","modified_gmt":"2023-12-14T14:45:10","slug":"ein-jahr-corona-krise-wo-stehen-verbaende-und-vereine","status":"publish","type":"post","link":"https:\/\/www.bvmberatung.net\/fr\/ein-jahr-corona-krise-wo-stehen-verbaende-und-vereine\/","title":{"rendered":"Ein Jahr Corona-Krise \u2013 Wo stehen Verb\u00e4nde und Vereine?"},"content":{"rendered":"<p>Viele Verb\u00e4nde und Vereine operieren seit einem Jahr im Krisenmodus: Aber sind sie auch selbst in der Krise? Eine pauschale Aussage zu dieser Frage ist heikel, Verb\u00e4nde handeln in sehr spezifischen Kontexten. Es kommt also auf den einzelnen Fall an.<\/p>\n\n\n\n<p>Unsere Erfahrung aus der Verbandsberatung nach 12 Monaten Corona-Pandemie ist: leistungsf\u00e4hige Verb\u00e4nde und Vereine konnten in der Krise ihren Wert f\u00fcr die jeweiligen Mitglieder unter Beweis stellen. Verb\u00e4nde profilieren sich als Krisen-Manager in der Pandemie: als wahrnehmbare und wirkungsvolle Interessenvertretung, durch Vermittlung und Einordnung von aktuellen Informationen, oder mit spezifischen Dienstleistungen in der Corona-Pandemie. Diese reichen von FAQ\u2019s \u00fcber Hygienekonzepten bis hin zur Beschaffung von in der Pandemie knappen Materialien.<\/p>\n\n\n\n<p>Gleichzeitig sind Verb\u00e4nde und Vereine Betroffene der Corona-Pandemie. Wie bei vielen anderen Organisationen auch mussten die Arbeitsabl\u00e4ufe den Pandemie-Gegebenheiten angepasst, Arbeitsmittel f\u00fcr mobiles Arbeiten oder digitale Kommunikation beschafft werden. Je nach T\u00e4tigkeitsfeld hat sich das Arbeitsvolumen drastisch ver\u00e4ndert. In der Veranstaltungsorganisation gab es starke Einbr\u00fcche, in der Interessenvertretung oder der Bew\u00e4ltigung von Informationen sind Arbeitsanfall und -geschwindigkeit teils deutlich gestiegen.<\/p>\n\n\n\n<p>Die meisten Verb\u00e4nde haben sich nach unserer Wahrnehmung auf diese \u00abneue Normalit\u00e4t\u00bb eingestellt. Best\u00e4tigt hat dies eine aktuelle, nicht repr\u00e4sentative Umfrage unter ca. 20 F\u00fchrungskr\u00e4ften von Verb\u00e4nden. Die Auswirkungen der Corona-Pandemie werden dort \u00fcberwiegend als positiv oder neutral wahrgenommen. Negative Aspekte wurden nur bei wenigen Antworten genannt.<\/p>\n\n\n\n<figure class=\"wp-block-image size-large\"><a href=\"https:\/\/www.bvmberatung.net\/wp-content\/uploads\/Grafik-1-Text-Mellinghoff-Corona-Krise.jpg\"><img fetchpriority=\"high\" decoding=\"async\" width=\"625\" height=\"259\" src=\"https:\/\/www.bvmberatung.net\/wp-content\/uploads\/Grafik-1-Text-Mellinghoff-Corona-Krise.jpg\" alt=\"\" class=\"wp-image-3204\"\/><\/a><figcaption>Fragestellung: Wie wirkt sich die Corona-Krise auf Ihren Verband aus? Mehrfachantworten waren m\u00f6glich.<\/figcaption><\/figure>\n\n\n\n<p>Dies ist allerdings eine Momentaufnahme. Viele f\u00fcr Verb\u00e4nden typische Faktoren reagieren nur langsam auf Ver\u00e4nderungen im Umfeld. Entsprechend werden viele Verb\u00e4nde die finanziellen Folgen der Pandemie erst mit Verz\u00f6gerung wahrnehmen. Verb\u00e4nde und Vereine ziehen Ihre Beitr\u00e4ge oft zum Jahresanfang ein. Das war im Jahr 2020 noch vor Beginn der Pandemie. Mitgliedschaften k\u00f6nnen vielfach nur zum Jahresende gek\u00fcndigt werden, teilweise mit langen Fristen. Die stattlichen Hilfsprogramme f\u00fchren dazu, dass aktuell in der Breite die wirtschaftlichen Aktivit\u00e4ten intakt bleiben, auch wenn einzelne Bereiche sehr schwer betroffen sind.<\/p>\n\n\n\n<p>Tatsache ist jedenfalls, dass sich die Priorit\u00e4ten von Mitgliedern in vielen F\u00e4llen ver\u00e4ndert haben. Dies sagen uns nicht nur F\u00fchrungskr\u00e4fte. Wir messen diese Ver\u00e4nderungen auch in <a href=\"https:\/\/www.bvmberatung.net\/fr\/angebot\/analysen-und-befragungen\/\" class=\"rank-math-link\">unseren Mitglieder-Befragungen<\/a>. Der unmittelbare Nutzen der Leistungen hat in der Pandemie eine deutlich h\u00f6here Bedeutung erhalten. Verb\u00e4nde sollten dies bei der Gestaltung ihrer Arbeitsprogramme und in ihrer Kommunikation unbedingt ber\u00fccksichtigen.<\/p>\n\n\n\n<p>Die mittelfristigen Auswirkungen der Corona-Pandemie auf Verb\u00e4nde und Vereine sind heute hingegen kaum absehbar. Die allgemeine Erwartung ist, dass die Pandemie im Laufe des Jahres 2021 beherrschbar wird. Ob und in welchem Umfang nachhaltige Ver\u00e4nderungen eintreten, ist offen. Wir erwarten gro\u00dfe Unterschiede zwischen den verschiedenen Verb\u00e4nden. Dies spiegelt sich auch in den Antworten der von uns befragten Personen. Eine Tendenz ist nicht erkennbar, die Bandbreite der Antworten war dagegen sehr gro\u00df.<\/p>\n\n\n\n<figure class=\"wp-block-image size-large\"><a href=\"https:\/\/www.bvmberatung.net\/wp-content\/uploads\/Grafik-2-Text-Mellinghoff-Corona-Krise.jpg\"><img decoding=\"async\" width=\"605\" height=\"246\" src=\"https:\/\/www.bvmberatung.net\/wp-content\/uploads\/Grafik-2-Text-Mellinghoff-Corona-Krise.jpg\" alt=\"\" class=\"wp-image-3205\"\/><\/a><figcaption>Fragestellung: tr\u00e4gt unser heutiges &#8222;Gesch\u00e4ftsmodell&#8220; als Verband in die Zukunft?<\/figcaption><\/figure>\n\n\n\n<p>Was k\u00f6nnen, und was sollten Verb\u00e4nde und Vereine in der gegenw\u00e4rtigen Situation tun? Wir haben folgende Vorschl\u00e4ge.<\/p>\n\n\n\n<ol class=\"wp-block-list\" type=\"1\"><li>Planen Sie heute schon f\u00fcr die Zeit nach der Pandemie einen strukturierten Prozess, in dem Sie mit den wesentlichen Stakeholdern die f\u00fcr Sie richtigen Schlussfolgerungen ziehen.<\/li><li>\u00dcberpr\u00fcfen Sie ihre heute verf\u00fcgbaren Steuerungsinstrumente. Erhalten Sie die notwendigen Informationen, um strategische Entscheidungen auch auf der Grundlage solider Daten treffen zu k\u00f6nnen?<\/li><\/ol>\n\n\n\n<p>Zu 1.: Richten Sie ihr Augenmerk auf die relevanten Ver\u00e4nderungen in ihrem Umfeld, die sich aus der Corona-Pandemie ergeben. Werten Sie Ihre Erfahrungen in der operativen Verbandsarbeit systematisch aus. Beantworten Sie die folgenden Fragen: Gibt es neue Chancen oder Gefahren, auf die wir reagieren m\u00fcssen? Welche St\u00e4rken haben wir in der Corona-Pandemie entwickelt? Welche Schw\u00e4chen sind zu Tage getreten? Wie gehen wir in der Zukunft damit um?<\/p>\n\n\n\n<p>Wir unterst\u00fctzen Sie gerne mit unseren Erfahrungen aus Verbandsberatung und operativer Verantwortung in systematischen Evaluierungs- und <a href=\"https:\/\/www.bvmberatung.net\/fr\/angebot\/strategie\/\" class=\"rank-math-link\">Strategie-Prozessen<\/a>.<\/p>\n\n\n\n<p>Zu 2.: Erfassen Sie systematisch die Wirtschaftlichkeit ihrer Aktivit\u00e4ten, um f\u00fcr strategische Diskussionen gewappnet zu sein. Im Kernbereich der Verbandsarbeit bedeutet dies: sie m\u00fcssen die Kosten der Verbandsleistungen kennen. In vielen Verb\u00e4nden ist insbesondere die Leistungserfassung der Mitarbeitenden eine Schwachstelle. Bei wirtschaftlichen Aktivit\u00e4ten stehen dagegen Wirtschaftlichkeitsanalysen im Vordergrund, z.B. in Form von Deckungsbeitrags-Rechnungen.<\/p>\n\n\n\n<p>Wir kennen die f\u00fcr Verb\u00e4nde passenden <a href=\"https:\/\/www.bvmberatung.net\/fr\/angebot\/finanzen-und-controlling\/\" class=\"rank-math-link\">Steuerungsinstrumente<\/a> und Tools \u00fcber die notwendige Erfahrung in ihrer praktischen Anwendung.<\/p>","protected":false},"excerpt":{"rendered":"<p>Verb\u00e4nde sind nach wie vor im Krisenmodus. Aber sind Verb\u00e4nde selbst in der Krise? Oder profitieren sie in der Corona-Pandemie?<\/p>","protected":false},"author":10,"featured_media":3203,"comment_status":"closed","ping_status":"closed","sticky":false,"template":"","format":"standard","meta":{"footnotes":""},"categories":[39],"tags":[],"beitragskategorie":[315,306,307],"class_list":["post-3202","post","type-post","status-publish","format-standard","has-post-thumbnail","hentry","category-blogbeitraege","beitragskategorie-fachartikel","beitragskategorie-organisationsentwicklung","beitragskategorie-qualitaets-und-prozessmanagement"],"_links":{"self":[{"href":"https:\/\/www.bvmberatung.net\/fr\/wp-json\/wp\/v2\/posts\/3202","targetHints":{"allow":["GET"]}}],"collection":[{"href":"https:\/\/www.bvmberatung.net\/fr\/wp-json\/wp\/v2\/posts"}],"about":[{"href":"https:\/\/www.bvmberatung.net\/fr\/wp-json\/wp\/v2\/types\/post"}],"author":[{"embeddable":true,"href":"https:\/\/www.bvmberatung.net\/fr\/wp-json\/wp\/v2\/users\/10"}],"replies":[{"embeddable":true,"href":"https:\/\/www.bvmberatung.net\/fr\/wp-json\/wp\/v2\/comments?post=3202"}],"version-history":[{"count":1,"href":"https:\/\/www.bvmberatung.net\/fr\/wp-json\/wp\/v2\/posts\/3202\/revisions"}],"predecessor-version":[{"id":6482,"href":"https:\/\/www.bvmberatung.net\/fr\/wp-json\/wp\/v2\/posts\/3202\/revisions\/6482"}],"wp:featuredmedia":[{"embeddable":true,"href":"https:\/\/www.bvmberatung.net\/fr\/wp-json\/wp\/v2\/media\/3203"}],"wp:attachment":[{"href":"https:\/\/www.bvmberatung.net\/fr\/wp-json\/wp\/v2\/media?parent=3202"}],"wp:term":[{"taxonomy":"category","embeddable":true,"href":"https:\/\/www.bvmberatung.net\/fr\/wp-json\/wp\/v2\/categories?post=3202"},{"taxonomy":"post_tag","embeddable":true,"href":"https:\/\/www.bvmberatung.net\/fr\/wp-json\/wp\/v2\/tags?post=3202"},{"taxonomy":"beitragskategorie","embeddable":true,"href":"https:\/\/www.bvmberatung.net\/fr\/wp-json\/wp\/v2\/beitragskategorie?post=3202"}],"curies":[{"name":"wp","href":"https:\/\/api.w.org\/{rel}","templated":true}]}}